{"id":1011891,"date":"2016-04-11T00:00:56","date_gmt":"2016-04-10T22:00:56","guid":{"rendered":"http:\/\/blog.lufft.com\/?p=11891"},"modified":"2017-03-29T12:27:04","modified_gmt":"2017-03-29T10:27:04","slug":"der-unsichtbare-feinstaub-mobile-co2-messung","status":"publish","type":"post","link":"https:\/\/blog.otthydromet.com\/de\/der-unsichtbare-feinstaub-mobile-co2-messung\/","title":{"rendered":"Der unsichtbare Fein(d)staub"},"content":{"rendered":"<p>Der Feinstaub(alarm) ist momentan in aller Munde &#8211; Aus Sicht der Messtechnik wird bei der Feinstaubmessung nahezu ausschlie\u00dflich auf hochpr\u00e4zise aber auch kostenintensive Messcontainer vertraut. Stellen Sie sich einmal vor, diese Referenzdaten k\u00f6nnten durch eine mobile Feinstaubmessung erweitert und verdichtet werden? Feinstaubmessung wird mobil &#8211; Messungen an jedem Ort der Welt! Mit einer solchen L\u00f6sung k\u00f6nnten beispielsweise mikroklimatische Besonderheiten gemessen werden, die eine Modellkalkulation nicht erfassen kann. Wir haben eine L\u00f6sung parat, die wir Ihnen folgend forstellen m\u00f6chten:<\/p>\n<p><!--more--><\/p>\n<p>Luft ist ein Lebenselixier. T\u00e4glich atmen wir etwa 15.000 Liter. Doch unsere Luft enth\u00e4lt auch unsichtbare Schadstoffe, die je nach Aufenthaltsort in ihrer Zusammensetzung und Konzentration schwanken. Besonders gef\u00e4hrlich sind die lungeng\u00e4ngigen PM 2,5 Partikel in der Luft. Nach einer aktuellen Untersuchung der Max-Planck-Gesellschaft sterben j\u00e4hrlich weltweit 3,3 Millionen Menschen vorzeitig an den Folgen von Luftverschmutzung. In der EU f\u00fchrt die Belastung mit Feinstaub und Ozon j\u00e4hrlich zu 180.000 Todesf\u00e4llen, davon allein 35.000 in Deutschland. (<a href=\"https:\/\/www.mpg.de\/9404032\/sterberate-luftverschmutzung-todesfaelle\" target=\"_blank\">Quelle<\/a>) Verschiedenste Untersuchungen haben l\u00e4ngst bewiesen, dass sowohl die feinstaubbelastete Luft in Innenr\u00e4umen, als auch in der Umgebungsluft im Au\u00dfenbereich Herz, Lunge und Gehirn sch\u00e4digen. Das Infarkt- und Schlaganfallrisiko steigt, die Asthmaf\u00e4lle bei Erwachsenen und vor allem Kindern nehmen zu.<\/p>\n<p>An Pr\u00e4senz hat das Thema sp\u00e4testens seit dem VW-Abgasskandal und dem Feinstaubalarm in Stuttgart gewonnen. Fakt ist, dass der Aussto\u00df von Feinstaub und Stickoxiden im Abgas der Stra\u00dfenverkehrsfahrzeuge aber nicht allein \u201eSchuld\u201c am Feinstaubalarm ist. Nicht nur in Stuttgart, sondern vielerorts in Europa sind Feinstaubkonzentrationen in Abgaswerten zu hoch. Auch der Reifenabrieb auf der Fahrbahn sowie flug- und schienenverkehrsbedingte PM 2,5 Emissionen tragen zum erh\u00f6hten Feinstaubgehalt in der Umwelt bei. Die F\u00f6rderung h\u00e4uslicher Kleinfeuerungsanlagen in fr\u00fcheren Jahren versch\u00e4rft das Ganze und zeigt heute ihre volle Wirkung. Biomasseverbrennungsanlagen geh\u00f6ren zusammen mit den gewaltigen Verbrennungsanlagen aus der Industrie zu den Hauptemittenten von Feinstaubpartikeln.<\/p>\n<p>Luftreinhaltungsgesetzgebungen und die europ\u00e4ischen Grenzwerte sollen das Feinstaubaufkommen gesetzlich regeln. Seit 2015 gilt europaweit ein Grenzwert von 25 \u00b5g\/m\u00b3 im Jahresmittel, der ab dem Jahr 2020 auf 20 \u00b5g\/m\u00b3 herabgesetzt wird. Die Grenzwerteinhaltung wird an 170 beh\u00f6rdlichen Messstationen in Deutschland vom Umweltbundesamt kontrolliert. Nach deren Auswertungen ist die Feinstaubbelastung in den letzten Jahren zwar fl\u00e4chen- und regionen\u00fcbergreifend zur\u00fcckgegangen, doch der Trend stagniert seit 2013. (<a href=\"https:\/\/www.umweltbundesamt.de\/daten\/luftbelastung\/luftschadstoff-emissionen-in-deutschland\" target=\"_blank\">Quelle<\/a>)<\/p>\n<p>Nachvollziehbar ist f\u00fcr jedermann, dass die Feinstaubbelastung in st\u00e4dtischen und vorst\u00e4dtischen R\u00e4umen zugenommen hat, in l\u00e4ndlichen hingegen r\u00fcckl\u00e4ufig ist.<\/p>\n<p>Die Ursachenbek\u00e4mpfung stellt sich f\u00fcr viele Verantwortliche schwieriger dar als gedacht.<\/p>\n<p>&nbsp;<\/p>\n<h3><strong>Egal bei welchem Wetter: Die Feinstaubmessung passt! <\/strong><\/h3>\n<p>Witterungsbedingte Einfl\u00fcsse erschweren oftmals die Messungen. Beh\u00f6rdliche Messstationen, wie es in Stuttgart derzeit sechs aktive gibt, sind hierf\u00fcr technisch aufwendig gestaltet und entsprechend kostenintensiv.<\/p>\n\n<p>Dank des kompakten Feinstaubsensor FDS 15 aus dem Hause Dr. F\u00f6disch Umweltmesstechnik AG ist nun ein Feinstaubmessger\u00e4t am Markt, das auf vergleichbare Weise Feinstaubkonzentrationen ermittelt (PM 2,5). Bisherige Erprobungen in Deutschland und China zeigen eine gute Korrelation zu den beh\u00f6rdlichen Messstationen. Alle zwei Sekunden wird ein Messsignal gesendet. Die Werte k\u00f6nnen auf Minuten oder Stunden gemittelt werden und haben aufgrund der Informationsdichte der Messwerte aus der kontinuierlichen Erfassung eine sehr hohe Aussagekraft. Viel mehr noch, durch die WLAN-F\u00e4higkeit und Vernetzung mehrerer Sensoren kann genau ermittelt werden, woher und wann die Feinstaubbelastung kommt. Dies zeigen unsere Erprobungsergebnisse.<\/p>\n<p>&nbsp;<\/p>\n<h3><strong>So wird gemessen<\/strong><\/h3>\n<p>Herzst\u00fcck des FDS 15 sind zwei optische Sensoren, die den Staubgehalt auf Basis der Streulichtmessung ermitteln. Die angesaugte Luft wird dabei auf 50 \u00b0C vorkonditioniert und auf diesem Niveau konstant gehalten. Damit spielt es keine Rolle, welches Wetter vorherrscht oder welcher Standort f\u00fcr das Ger\u00e4t gew\u00e4hlt wird. Per integrierten L\u00fcfter findet eine Zwangsdurchstr\u00f6mung statt, die den Luftaustausch garantiert. Beim Aufbau und Design wurde besonders auf die Kompaktheit geachtet:<\/p>\n<p style=\"text-align: center;\"><img fetchpriority=\"high\" decoding=\"async\" class=\"aligncenter wp-image-8611\" src=\"https:\/\/blogottprod.wpengine.com\/wp-content\/uploads\/2016\/04\/aufbau-FDS15-feinstaubsensor-698x460.jpg\" alt=\"aufbau-FDS15-feinstaubsensor\" width=\"400\" height=\"264\" \/><\/p>\n<p>Sind Sie interessiert an den technischen Details des Feinstaubsensor FDS 15? Das technische Datenblatt k\u00f6nnen Sie <a href=\"http:\/\/www.foedisch.de\/staubmesstechnik\/feinstaub\/\" target=\"_blank\"><strong>hier<\/strong><\/a> herunterladen.<\/p>\n<p>&nbsp;<\/p>\n<h3><strong>Ein Feinstaubsensor, viele M\u00f6glichkeiten<\/strong><\/h3>\n<p>Das Ger\u00e4t zielt insbesondere auf den station\u00e4ren oder mobilen Einsatz zur Innen- und Au\u00dfen-Luft\u00fcberwachung. Dies spielt z.B. bei der Arbeitsplatz\u00fcberwachung in produzierenden Werkhallen eine Rolle. Aber auch in st\u00e4dtischen Ballungszentren kann der FDS 15 z.B. an Stra\u00dfenmasten oder Verkehrsknotenpunkten integriert werden. Flugh\u00e4fen, \u00f6ffentliche Geb\u00e4ude und Industriegebiete sind ebenfalls Adressaten.<\/p>\n<p>Der Feinstaubsensor FDS 15 kann vielseitig genutzt werden, z. B. als:<\/p>\n<ul>\n<li>Air Management System (L\u00fcftungssteuerung)<\/li>\n<li>Air Quality System (Erg\u00e4nzung zur Luftg\u00fctemessung CO<sub>2<\/sub>-Gehalt in R\u00e4umen)<\/li>\n<li>Workplace Monitoring (Arbeitspl\u00e4tze)<\/li>\n<li>Filter Monitoring (Filter\u00fcberwachung im Sinne der Luftr\u00fcckf\u00fchrung)<\/li>\n<li>Ambient Monitoring (Umwelt\u00fcberwachung au\u00dfen)<\/li>\n<li>Controlling-Tool (Ermittlung diffuser Quellen)<\/li>\n<li>Benefit-Kit (Zusatzger\u00e4t zu Wetterstationen)<\/li>\n<\/ul>\n<p>Die Vorteile liegen auf der Hand:<\/p>\n<ul>\n<li>wetterunabh\u00e4ngig<\/li>\n<li>kontinuierliche Feinstaubmessung<\/li>\n<li>preislich attraktives, industrietaugliches Messger\u00e4t<\/li>\n<li>einfache Datenausgabe per Standardschnittstellen<\/li>\n<li>wartungsarmer Betrieb<\/li>\n<li>stabile Laufleistung<\/li>\n<li>robuste und kompakte Bauweise<\/li>\n<\/ul>\n<p>Dies macht den FDS 15 zu einem handlichen Allrounder, der seinesgleichen sucht.<\/p>\n<p>&nbsp;<\/p>\n<h3><strong>Das Ergebnis z\u00e4hlt: pr\u00e4zise Feinstaubmessung im Test<\/strong><\/h3>\n<p>Der FDS 15 wurde unter verschiedensten Bedingungen in der Praxis erprobt. Drei Ergebnisse stellen wir Ihnen vor:<\/p>\n<p style=\"text-align: center;\"><img decoding=\"async\" class=\"aligncenter wp-image-8612\" src=\"https:\/\/blogottprod.wpengine.com\/wp-content\/uploads\/2016\/04\/Aussenmessung-fds15-leipzig-1-698x506.jpg\" alt=\"Aussenmessung-fds15-leipzig-1\" width=\"494\" height=\"358\" \/><\/p>\n<p>Die Feinstaubbelastung an Silvester erreicht Werte, wie kaum an einen anderen Tag im Jahr. Deutlich wird in der Messauswertung, welche Auswirkung Wetter-Ph\u00e4nomene haben k\u00f6nnen. Wetterwechsel beg\u00fcnstigen einen Luftaustausch. Bei Regen werden viele Luftschadstoffe sogar \u201eausgewaschen\u201c. Anders verh\u00e4lt sich dies bei sogenannten Inversionswetterlagen. W\u00e4hrend normalerweise die unteren Luftschichten w\u00e4rmer sind als die dar\u00fcber liegende Luft, ist bei Inversionswetterlagen die Luft am Boden k\u00fchler als in der H\u00f6he. Dadurch wird der Luftaustausch blockiert; die Luft und damit die darin enthaltenen Schadstoffe bleiben in Bodenn\u00e4he gefangen und k\u00f6nnen sich \u00fcber Stunden oder Tage ansammeln. Solche hohen Schadstoffwerte haben wir beispielsweise am 02.01.2016 in Leipzig beobachtet.<\/p>\n<p style=\"text-align: center;\"><img decoding=\"async\" class=\"aligncenter wp-image-8608\" src=\"https:\/\/blogottprod.wpengine.com\/wp-content\/uploads\/2016\/04\/stationaere-innenmessung-fds15-feinstaubmessung-698x505.jpg\" alt=\"stationaere-innenmessung-fds15-feinstaubmessung\" width=\"477\" height=\"345\" \/><\/p>\n<p>In einer Gie\u00dferei wurden F\u00fcnf-Minuten-Mittelwerte von Feinstaubkonzentrationen, verursacht durch Schwei\u00dfrauch, ermittelt. Die Auswertung zeigt deutlich, wann produktionsbedingte Arbeitsspitzen auftraten. Die L\u00fcftung kann und sollte im Sinne der Qualit\u00e4tsverbesserung des Arbeitsprozesses und zur Gesundheitsvorsorge der Mitarbeiter entsprechend gesteuert werden.<\/p>\n<p>Nicht zuletzt die mobile Messung, die zusammen mit unserem Kooperationspartner <a href=\"https:\/\/www.lufft.com\/de-de\/\" target=\"_blank\">G. Lufft Mess- und Regeltechnik GmbH<\/a> und dessen <a href=\"http:\/\/www.lufft-marwis.de\/de_DE\/features\" target=\"_blank\">mobilem Wettersensor MARWIS <\/a>durchgef\u00fchrt wurde, brachte sehr gute Messwerte:<\/p>\n\n<p>&nbsp;<\/p>\n<h3><strong>Individuelle L\u00f6sungen aus einer Hand: Die Dr. F\u00f6disch Umweltmesstechnik AG<\/strong><\/h3>\n<p>Das Unternehmen Dr. F\u00f6disch Umweltmesstechnik AG wurde 1991 gegr\u00fcndet, um hochmoderne Ger\u00e4te zu entwickeln, die umwelt- und gesundheitssch\u00e4dliche Abgase in der Luft \u00fcberwachen k\u00f6nnen. Daraus ist ein Produktportfolio von mehr als 25 Ger\u00e4ten entstanden, die auf verschiedenste Art und Weise Gase, Staub und Volumenstr\u00f6me messen.<\/p>\n<p>Der optische Feinstaubsensor FDS 15 ist Basis f\u00fcr weitere Entwicklungen innerhalb der Staubmessger\u00e4te-Produktlinie. Die optische Streulicht-Messmethode soll k\u00fcnftig auch in weiteren Messger\u00e4ten integriert werden, um die Messung jeglicher Art von St\u00e4uben noch effektiver und pr\u00e4ziser f\u00fcr den Nutzer zu gestalten.<\/p>\n<p>Bereits heute sind mehr als 11.000 Staubmessger\u00e4te und Gasanalysatoren aus dem Haus Dr. F\u00f6disch Umweltmesstechnik AG weltweit im Einsatz. 72 Mitarbeiter entwickeln und fertigen Messtechnik \u201eMade in Germany\u201c und setzen individuelle Systeml\u00f6sungen am Hauptsitz in Markranst\u00e4dt bei Leipzig um. Zum Ende des Jahres 2015 wurde ein Rekordumsatz von 19,5 Mio. EUR erwirtschaftet. Der Erfolg geht u. a. auf die Erschlie\u00dfung neuer Absatzm\u00e4rkte, wie z.B. in China zur\u00fcck, wo die Ausma\u00dfe der Luftverschmutzung noch gr\u00f6\u00dfer sind als hierzulande. Der Exportanteil im Umsatz betr\u00e4gt insgesamt 56 %.<\/p>\n<p>Zum bisherigen Kundenkreis z\u00e4hlen u. a. Kraftwerke und Verbrennungsanlagen f\u00fcr Abfall, Biomasse und Kl\u00e4rschlamm, Anlagen der chemischen und metallurgischen Industrie, wie etwa Gie\u00dfereien und Kupferh\u00fctten. Mit dem Feinstaubsensor FDS 15 soll der Kundenkreis um Automobilhersteller und \u2013zulieferfirmen, Kommunen, meteorologische Institutionen, Flughafenbetreiber u.a. erweitert werden.<\/p>\n","protected":false},"excerpt":{"rendered":"<p>Der Feinstaub(alarm) ist momentan in aller Munde &#8211; Aus Sicht der Messtechnik wird bei der Feinstaubmessung nahezu ausschlie\u00dflich auf hochpr\u00e4zise aber auch kostenintensive Messcontainer vertraut. Stellen Sie sich einmal vor, diese Referenzdaten k\u00f6nnten durch eine mobile Feinstaubmessung erweitert und verdichtet werden? Feinstaubmessung wird mobil &#8211; Messungen an jedem Ort der Welt! Mit einer solchen L\u00f6sung [&hellip;]<\/p>\n","protected":false},"author":9,"featured_media":0,"comment_status":"open","ping_status":"open","sticky":false,"template":"","format":"standard","meta":{"footnotes":""},"categories":[6,46],"tags":[],"class_list":["post-1011891","post","type-post","status-publish","format-standard","hentry","category-meteorologie","category-meteorology"],"yoast_head":"<!-- This site is optimized with the Yoast SEO plugin v27.2 - https:\/\/yoast.com\/product\/yoast-seo-wordpress\/ -->\n<title>Der unsichtbare Fein(d)staub - OTT Blog<\/title>\n<meta name=\"robots\" content=\"index, follow, max-snippet:-1, max-image-preview:large, max-video-preview:-1\" \/>\n<link rel=\"canonical\" href=\"https:\/\/blog.otthydromet.com\/de\/der-unsichtbare-feinstaub-mobile-co2-messung\/\" \/>\n<meta property=\"og:locale\" content=\"de_DE\" \/>\n<meta property=\"og:type\" content=\"article\" \/>\n<meta property=\"og:title\" content=\"Der unsichtbare Fein(d)staub - OTT Blog\" \/>\n<meta property=\"og:description\" content=\"Der Feinstaub(alarm) ist momentan in aller Munde &#8211; Aus Sicht der Messtechnik wird bei der Feinstaubmessung nahezu ausschlie\u00dflich auf hochpr\u00e4zise aber auch kostenintensive Messcontainer vertraut. Stellen Sie sich einmal vor, diese Referenzdaten k\u00f6nnten durch eine mobile Feinstaubmessung erweitert und verdichtet werden? Feinstaubmessung wird mobil &#8211; Messungen an jedem Ort der Welt! Mit einer solchen L\u00f6sung [&hellip;]\" \/>\n<meta property=\"og:url\" content=\"https:\/\/blog.otthydromet.com\/de\/der-unsichtbare-feinstaub-mobile-co2-messung\/\" \/>\n<meta property=\"og:site_name\" content=\"OTT Blog\" \/>\n<meta property=\"article:published_time\" content=\"2016-04-10T22:00:56+00:00\" \/>\n<meta property=\"article:modified_time\" content=\"2017-03-29T10:27:04+00:00\" \/>\n<meta property=\"og:image\" content=\"https:\/\/blogottprod.wpengine.com\/wp-content\/uploads\/2016\/04\/aufbau-FDS15-feinstaubsensor-698x460.jpg\" \/>\n<meta name=\"author\" content=\"OTT HydroMet Blog Team\" \/>\n<meta name=\"twitter:card\" content=\"summary_large_image\" \/>\n<meta name=\"twitter:label1\" content=\"Verfasst von\" \/>\n\t<meta name=\"twitter:data1\" content=\"OTT HydroMet Blog Team\" \/>\n\t<meta name=\"twitter:label2\" content=\"Gesch\u00e4tzte Lesezeit\" \/>\n\t<meta name=\"twitter:data2\" content=\"6\u00a0Minuten\" \/>\n<script type=\"application\/ld+json\" class=\"yoast-schema-graph\">{\"@context\":\"https:\/\/schema.org\",\"@graph\":[{\"@type\":\"Article\",\"@id\":\"https:\/\/blog.otthydromet.com\/de\/der-unsichtbare-feinstaub-mobile-co2-messung\/#article\",\"isPartOf\":{\"@id\":\"https:\/\/blog.otthydromet.com\/de\/der-unsichtbare-feinstaub-mobile-co2-messung\/\"},\"author\":{\"name\":\"OTT HydroMet Blog Team\",\"@id\":\"https:\/\/blog.otthydromet.com\/de\/#\/schema\/person\/af95a261e2bd0d6e87f32548016cbddd\"},\"headline\":\"Der unsichtbare Fein(d)staub\",\"datePublished\":\"2016-04-10T22:00:56+00:00\",\"dateModified\":\"2017-03-29T10:27:04+00:00\",\"mainEntityOfPage\":{\"@id\":\"https:\/\/blog.otthydromet.com\/de\/der-unsichtbare-feinstaub-mobile-co2-messung\/\"},\"wordCount\":1279,\"commentCount\":1,\"publisher\":{\"@id\":\"https:\/\/blog.otthydromet.com\/de\/#organization\"},\"image\":{\"@id\":\"https:\/\/blog.otthydromet.com\/de\/der-unsichtbare-feinstaub-mobile-co2-messung\/#primaryimage\"},\"thumbnailUrl\":\"https:\/\/blogottprod.wpengine.com\/wp-content\/uploads\/2016\/04\/aufbau-FDS15-feinstaubsensor-698x460.jpg\",\"articleSection\":[\"Meteorologie\",\"Meteorology\"],\"inLanguage\":\"de\"},{\"@type\":\"WebPage\",\"@id\":\"https:\/\/blog.otthydromet.com\/de\/der-unsichtbare-feinstaub-mobile-co2-messung\/\",\"url\":\"https:\/\/blog.otthydromet.com\/de\/der-unsichtbare-feinstaub-mobile-co2-messung\/\",\"name\":\"Der unsichtbare Fein(d)staub - OTT Blog\",\"isPartOf\":{\"@id\":\"https:\/\/blog.otthydromet.com\/de\/#website\"},\"primaryImageOfPage\":{\"@id\":\"https:\/\/blog.otthydromet.com\/de\/der-unsichtbare-feinstaub-mobile-co2-messung\/#primaryimage\"},\"image\":{\"@id\":\"https:\/\/blog.otthydromet.com\/de\/der-unsichtbare-feinstaub-mobile-co2-messung\/#primaryimage\"},\"thumbnailUrl\":\"https:\/\/blogottprod.wpengine.com\/wp-content\/uploads\/2016\/04\/aufbau-FDS15-feinstaubsensor-698x460.jpg\",\"datePublished\":\"2016-04-10T22:00:56+00:00\",\"dateModified\":\"2017-03-29T10:27:04+00:00\",\"breadcrumb\":{\"@id\":\"https:\/\/blog.otthydromet.com\/de\/der-unsichtbare-feinstaub-mobile-co2-messung\/#breadcrumb\"},\"inLanguage\":\"de\",\"potentialAction\":[{\"@type\":\"ReadAction\",\"target\":[\"https:\/\/blog.otthydromet.com\/de\/der-unsichtbare-feinstaub-mobile-co2-messung\/\"]}]},{\"@type\":\"ImageObject\",\"inLanguage\":\"de\",\"@id\":\"https:\/\/blog.otthydromet.com\/de\/der-unsichtbare-feinstaub-mobile-co2-messung\/#primaryimage\",\"url\":\"https:\/\/blogottprod.wpengine.com\/wp-content\/uploads\/2016\/04\/aufbau-FDS15-feinstaubsensor-698x460.jpg\",\"contentUrl\":\"https:\/\/blogottprod.wpengine.com\/wp-content\/uploads\/2016\/04\/aufbau-FDS15-feinstaubsensor-698x460.jpg\"},{\"@type\":\"BreadcrumbList\",\"@id\":\"https:\/\/blog.otthydromet.com\/de\/der-unsichtbare-feinstaub-mobile-co2-messung\/#breadcrumb\",\"itemListElement\":[{\"@type\":\"ListItem\",\"position\":1,\"name\":\"Startseite\",\"item\":\"https:\/\/blog.otthydromet.com\/de\/\"},{\"@type\":\"ListItem\",\"position\":2,\"name\":\"Der unsichtbare Fein(d)staub\"}]},{\"@type\":\"WebSite\",\"@id\":\"https:\/\/blog.otthydromet.com\/de\/#website\",\"url\":\"https:\/\/blog.otthydromet.com\/de\/\",\"name\":\"OTT Blog\",\"description\":\"HydroMet\",\"publisher\":{\"@id\":\"https:\/\/blog.otthydromet.com\/de\/#organization\"},\"potentialAction\":[{\"@type\":\"SearchAction\",\"target\":{\"@type\":\"EntryPoint\",\"urlTemplate\":\"https:\/\/blog.otthydromet.com\/de\/?s={search_term_string}\"},\"query-input\":{\"@type\":\"PropertyValueSpecification\",\"valueRequired\":true,\"valueName\":\"search_term_string\"}}],\"inLanguage\":\"de\"},{\"@type\":\"Organization\",\"@id\":\"https:\/\/blog.otthydromet.com\/de\/#organization\",\"name\":\"OTT HydroMet\",\"url\":\"https:\/\/blog.otthydromet.com\/de\/\",\"logo\":{\"@type\":\"ImageObject\",\"inLanguage\":\"de\",\"@id\":\"https:\/\/blog.otthydromet.com\/de\/#\/schema\/logo\/image\/\",\"url\":\"https:\/\/blog.otthydromet.com\/wp-content\/uploads\/2020\/07\/ottblog_logo.svg\",\"contentUrl\":\"https:\/\/blog.otthydromet.com\/wp-content\/uploads\/2020\/07\/ottblog_logo.svg\",\"width\":176,\"height\":60,\"caption\":\"OTT HydroMet\"},\"image\":{\"@id\":\"https:\/\/blog.otthydromet.com\/de\/#\/schema\/logo\/image\/\"}},{\"@type\":\"Person\",\"@id\":\"https:\/\/blog.otthydromet.com\/de\/#\/schema\/person\/af95a261e2bd0d6e87f32548016cbddd\",\"name\":\"OTT HydroMet Blog Team\",\"image\":{\"@type\":\"ImageObject\",\"inLanguage\":\"de\",\"@id\":\"https:\/\/blog.otthydromet.com\/wp-content\/uploads\/2020\/02\/OTT_HydroMet_icon_512x512-150x150.png\",\"url\":\"https:\/\/blog.otthydromet.com\/wp-content\/uploads\/2020\/02\/OTT_HydroMet_icon_512x512-150x150.png\",\"contentUrl\":\"https:\/\/blog.otthydromet.com\/wp-content\/uploads\/2020\/02\/OTT_HydroMet_icon_512x512-150x150.png\",\"caption\":\"OTT HydroMet Blog Team\"},\"description\":\"Observing the elements is key to better understanding our planet. This blog tells the manifold stories of experts working in environmental monitoring with help of our sensors and solutions.\",\"sameAs\":[\"https:\/\/blog.otthydromet.com\/en\/\"],\"url\":\"https:\/\/blog.otthydromet.com\/de\/author\/ott-hydromet-blog-team\/\"}]}<\/script>\n<!-- \/ Yoast SEO plugin. -->","yoast_head_json":{"title":"Der unsichtbare Fein(d)staub - OTT Blog","robots":{"index":"index","follow":"follow","max-snippet":"max-snippet:-1","max-image-preview":"max-image-preview:large","max-video-preview":"max-video-preview:-1"},"canonical":"https:\/\/blog.otthydromet.com\/de\/der-unsichtbare-feinstaub-mobile-co2-messung\/","og_locale":"de_DE","og_type":"article","og_title":"Der unsichtbare Fein(d)staub - OTT Blog","og_description":"Der Feinstaub(alarm) ist momentan in aller Munde &#8211; Aus Sicht der Messtechnik wird bei der Feinstaubmessung nahezu ausschlie\u00dflich auf hochpr\u00e4zise aber auch kostenintensive Messcontainer vertraut. Stellen Sie sich einmal vor, diese Referenzdaten k\u00f6nnten durch eine mobile Feinstaubmessung erweitert und verdichtet werden? Feinstaubmessung wird mobil &#8211; Messungen an jedem Ort der Welt! Mit einer solchen L\u00f6sung [&hellip;]","og_url":"https:\/\/blog.otthydromet.com\/de\/der-unsichtbare-feinstaub-mobile-co2-messung\/","og_site_name":"OTT Blog","article_published_time":"2016-04-10T22:00:56+00:00","article_modified_time":"2017-03-29T10:27:04+00:00","og_image":[{"url":"https:\/\/blogottprod.wpengine.com\/wp-content\/uploads\/2016\/04\/aufbau-FDS15-feinstaubsensor-698x460.jpg","type":"","width":"","height":""}],"author":"OTT HydroMet Blog Team","twitter_card":"summary_large_image","twitter_misc":{"Verfasst von":"OTT HydroMet Blog Team","Gesch\u00e4tzte Lesezeit":"6\u00a0Minuten"},"schema":{"@context":"https:\/\/schema.org","@graph":[{"@type":"Article","@id":"https:\/\/blog.otthydromet.com\/de\/der-unsichtbare-feinstaub-mobile-co2-messung\/#article","isPartOf":{"@id":"https:\/\/blog.otthydromet.com\/de\/der-unsichtbare-feinstaub-mobile-co2-messung\/"},"author":{"name":"OTT HydroMet Blog Team","@id":"https:\/\/blog.otthydromet.com\/de\/#\/schema\/person\/af95a261e2bd0d6e87f32548016cbddd"},"headline":"Der unsichtbare Fein(d)staub","datePublished":"2016-04-10T22:00:56+00:00","dateModified":"2017-03-29T10:27:04+00:00","mainEntityOfPage":{"@id":"https:\/\/blog.otthydromet.com\/de\/der-unsichtbare-feinstaub-mobile-co2-messung\/"},"wordCount":1279,"commentCount":1,"publisher":{"@id":"https:\/\/blog.otthydromet.com\/de\/#organization"},"image":{"@id":"https:\/\/blog.otthydromet.com\/de\/der-unsichtbare-feinstaub-mobile-co2-messung\/#primaryimage"},"thumbnailUrl":"https:\/\/blogottprod.wpengine.com\/wp-content\/uploads\/2016\/04\/aufbau-FDS15-feinstaubsensor-698x460.jpg","articleSection":["Meteorologie","Meteorology"],"inLanguage":"de"},{"@type":"WebPage","@id":"https:\/\/blog.otthydromet.com\/de\/der-unsichtbare-feinstaub-mobile-co2-messung\/","url":"https:\/\/blog.otthydromet.com\/de\/der-unsichtbare-feinstaub-mobile-co2-messung\/","name":"Der unsichtbare Fein(d)staub - OTT Blog","isPartOf":{"@id":"https:\/\/blog.otthydromet.com\/de\/#website"},"primaryImageOfPage":{"@id":"https:\/\/blog.otthydromet.com\/de\/der-unsichtbare-feinstaub-mobile-co2-messung\/#primaryimage"},"image":{"@id":"https:\/\/blog.otthydromet.com\/de\/der-unsichtbare-feinstaub-mobile-co2-messung\/#primaryimage"},"thumbnailUrl":"https:\/\/blogottprod.wpengine.com\/wp-content\/uploads\/2016\/04\/aufbau-FDS15-feinstaubsensor-698x460.jpg","datePublished":"2016-04-10T22:00:56+00:00","dateModified":"2017-03-29T10:27:04+00:00","breadcrumb":{"@id":"https:\/\/blog.otthydromet.com\/de\/der-unsichtbare-feinstaub-mobile-co2-messung\/#breadcrumb"},"inLanguage":"de","potentialAction":[{"@type":"ReadAction","target":["https:\/\/blog.otthydromet.com\/de\/der-unsichtbare-feinstaub-mobile-co2-messung\/"]}]},{"@type":"ImageObject","inLanguage":"de","@id":"https:\/\/blog.otthydromet.com\/de\/der-unsichtbare-feinstaub-mobile-co2-messung\/#primaryimage","url":"https:\/\/blogottprod.wpengine.com\/wp-content\/uploads\/2016\/04\/aufbau-FDS15-feinstaubsensor-698x460.jpg","contentUrl":"https:\/\/blogottprod.wpengine.com\/wp-content\/uploads\/2016\/04\/aufbau-FDS15-feinstaubsensor-698x460.jpg"},{"@type":"BreadcrumbList","@id":"https:\/\/blog.otthydromet.com\/de\/der-unsichtbare-feinstaub-mobile-co2-messung\/#breadcrumb","itemListElement":[{"@type":"ListItem","position":1,"name":"Startseite","item":"https:\/\/blog.otthydromet.com\/de\/"},{"@type":"ListItem","position":2,"name":"Der unsichtbare Fein(d)staub"}]},{"@type":"WebSite","@id":"https:\/\/blog.otthydromet.com\/de\/#website","url":"https:\/\/blog.otthydromet.com\/de\/","name":"OTT Blog","description":"HydroMet","publisher":{"@id":"https:\/\/blog.otthydromet.com\/de\/#organization"},"potentialAction":[{"@type":"SearchAction","target":{"@type":"EntryPoint","urlTemplate":"https:\/\/blog.otthydromet.com\/de\/?s={search_term_string}"},"query-input":{"@type":"PropertyValueSpecification","valueRequired":true,"valueName":"search_term_string"}}],"inLanguage":"de"},{"@type":"Organization","@id":"https:\/\/blog.otthydromet.com\/de\/#organization","name":"OTT HydroMet","url":"https:\/\/blog.otthydromet.com\/de\/","logo":{"@type":"ImageObject","inLanguage":"de","@id":"https:\/\/blog.otthydromet.com\/de\/#\/schema\/logo\/image\/","url":"https:\/\/blog.otthydromet.com\/wp-content\/uploads\/2020\/07\/ottblog_logo.svg","contentUrl":"https:\/\/blog.otthydromet.com\/wp-content\/uploads\/2020\/07\/ottblog_logo.svg","width":176,"height":60,"caption":"OTT HydroMet"},"image":{"@id":"https:\/\/blog.otthydromet.com\/de\/#\/schema\/logo\/image\/"}},{"@type":"Person","@id":"https:\/\/blog.otthydromet.com\/de\/#\/schema\/person\/af95a261e2bd0d6e87f32548016cbddd","name":"OTT HydroMet Blog Team","image":{"@type":"ImageObject","inLanguage":"de","@id":"https:\/\/blog.otthydromet.com\/wp-content\/uploads\/2020\/02\/OTT_HydroMet_icon_512x512-150x150.png","url":"https:\/\/blog.otthydromet.com\/wp-content\/uploads\/2020\/02\/OTT_HydroMet_icon_512x512-150x150.png","contentUrl":"https:\/\/blog.otthydromet.com\/wp-content\/uploads\/2020\/02\/OTT_HydroMet_icon_512x512-150x150.png","caption":"OTT HydroMet Blog Team"},"description":"Observing the elements is key to better understanding our planet. This blog tells the manifold stories of experts working in environmental monitoring with help of our sensors and solutions.","sameAs":["https:\/\/blog.otthydromet.com\/en\/"],"url":"https:\/\/blog.otthydromet.com\/de\/author\/ott-hydromet-blog-team\/"}]}},"_links":{"self":[{"href":"https:\/\/blog.otthydromet.com\/de\/wp-json\/wp\/v2\/posts\/1011891","targetHints":{"allow":["GET"]}}],"collection":[{"href":"https:\/\/blog.otthydromet.com\/de\/wp-json\/wp\/v2\/posts"}],"about":[{"href":"https:\/\/blog.otthydromet.com\/de\/wp-json\/wp\/v2\/types\/post"}],"author":[{"embeddable":true,"href":"https:\/\/blog.otthydromet.com\/de\/wp-json\/wp\/v2\/users\/9"}],"replies":[{"embeddable":true,"href":"https:\/\/blog.otthydromet.com\/de\/wp-json\/wp\/v2\/comments?post=1011891"}],"version-history":[{"count":0,"href":"https:\/\/blog.otthydromet.com\/de\/wp-json\/wp\/v2\/posts\/1011891\/revisions"}],"wp:attachment":[{"href":"https:\/\/blog.otthydromet.com\/de\/wp-json\/wp\/v2\/media?parent=1011891"}],"wp:term":[{"taxonomy":"category","embeddable":true,"href":"https:\/\/blog.otthydromet.com\/de\/wp-json\/wp\/v2\/categories?post=1011891"},{"taxonomy":"post_tag","embeddable":true,"href":"https:\/\/blog.otthydromet.com\/de\/wp-json\/wp\/v2\/tags?post=1011891"}],"curies":[{"name":"wp","href":"https:\/\/api.w.org\/{rel}","templated":true}]}}